{"id":1066,"date":"2023-12-15T16:07:31","date_gmt":"2023-12-15T16:07:31","guid":{"rendered":"https:\/\/sealines-wp.arkimedeacademy.it\/?p=1066"},"modified":"2024-11-28T09:32:37","modified_gmt":"2024-11-28T08:32:37","slug":"venezia-corfu","status":"publish","type":"post","link":"https:\/\/www.sealines.eu\/el\/venezia-corfu\/","title":{"rendered":"\u0392\u03b5\u03bd\u03b5\u03c4\u03af\u03b1 - \u039a\u03ad\u03c1\u03ba\u03c5\u03c1\u03b1"},"content":{"rendered":"<p class=\"has-text-color has-link-color wp-elements-1 wp-block-paragraph\" style=\"color:#074164;font-size:15px\">Corf\u00f9 \u00e8 spesso definita <strong>l&#8217;isola pi\u00f9 verde<\/strong> della Grecia, perch\u00e9 anche in piena estate le colline e i paesaggi ricoperti di verde rigoglioso regalano uno scenario unico e indimenticabile. Corf\u00f9 \u00e8 un&#8217;isola bellissima, Omero, che la chiamava <strong><i>\u201cl&#8217;isola bella e ricca\u201d<\/i><\/strong>, la scelse come luogo d&#8217;incontro tra Ulisse e Nausica. Per esplorarlo tutta si ha bisogno di almeno due settimane, poich\u00e9 c&#8217;\u00e8 molto da vedere e da fare.<\/p>\n\n\n\n<p class=\"has-text-color has-link-color wp-elements-2 wp-block-paragraph\" style=\"color:#074164;font-size:15px\">Corf\u00f9 \u00e8 chiamata <strong>Kerkyra<\/strong> dagli stessi greci. La vetta del <strong>monte Pantokrator<\/strong> (. nella parte settentrionale dell&#8217;isola, \u00e8 il punto pi\u00f9 alto.  dell&#8217;isola e domina il nord dell&#8217;isola. Sulla costa nord-orientale, da nord a sud, si trovano i villaggi di <strong>\u039a\u03b1\u03c3\u03c3\u03b9\u03cc\u03c0\u03b7<\/strong>, <strong>Kouloura<\/strong>, <strong>Kalami<\/strong>, <strong>Nissaki<\/strong> e <strong>Barbati<\/strong>. Sono tutti paesi dotati di numerose strutture turistiche, come alberghi, appartamenti e negozi. Questi villaggi hanno ciascuno il proprio fascino e aspetto, come Kouloura, con il suo porticciolo dove ormeggiano molti pescherecci e yacht, che viene spesso fotografata dalla strada lungo la costa. Lo stesso vale anche per Kalami e Nissaki, che merita sicuramente una visita, basta parcheggiare l&#8217;auto in cima alla strada principale e scendere attraverso gli uliveti fino ad un&#8217;accogliente spiaggia di ciottoli colorati. Anche la sera qui c&#8217;\u00e8 un&#8217;atmosfera festosa, soprattutto quando le barche illuminate ormeggiano ai margini del ristorante.<\/p>\n\n\n\n<p class=\"has-text-color has-link-color wp-elements-3 wp-block-paragraph\" style=\"color:#074164;font-size:15px\">Sulla costa nord-occidentale di Corf\u00f9 si trovano le grandi e bellissime spiagge di <strong>Agios Stefanos<\/strong>, <strong>Arilas<\/strong> e <strong>Agios Georgios Pagon<\/strong>, dove si praticano anche diversi sport acquatici. L&#8217;acqua del mare qui \u00e8 cristallina. La spiaggia di Loggos, una delle pi\u00f9 famose, si trova vicino al <strong>villaggio di Peroulades<\/strong>, circondata da imponenti scogliere da dove si pu\u00f2 ammirare un bellissimo tramonto. Un altro quartiere pittoresco di questa zona \u00e8 <strong>Afionas<\/strong>, che si trova sul promontorio di <strong>Arilas<\/strong>, un tipico tradizionale villaggio corfiota con vicoli stretti, case colorate e giardini fioriti.<\/p>\n\n\n\n<p class=\"has-text-color has-link-color wp-elements-4 wp-block-paragraph\" style=\"color:#074164;font-size:15px\">I villaggi rurali situati sui versanti soleggiati delle colline, ad un&#8217;altitudine di circa 200 m, sono immersi nel verde. I pi\u00f9 noti sono <strong>Doukades<\/strong> e <strong>Chlomos<\/strong>, chiamato anche <strong><i>&#8220;il balcone dell&#8217;intera isola&#8221;<\/i><\/strong>. L&#8217;ampia vista panoramica della zona intorno al Lago <strong>Korission<\/strong>,  sulla strada per Chlomos, \u00e8 di una bellezza unica, con la spiaggia alle spalle e i villaggi vicini su entrambi i lati.<\/p>\n\n\n\n<p class=\"has-text-color has-link-color wp-elements-5 wp-block-paragraph\" style=\"color:#074164;font-size:15px\">Corf\u00f9 \u00e8 un&#8217;isola fantastica, un&#8217;ottima per scelta per trascorrere le proprie vacanze. L&#8217;isola ha molto belle spiagge, una natura verdeggiante, graziosi e tradizionali villaggi nell&#8217;entroterra, eccellenti strutture ricettive e una popolazione amichevole e ospitale, <\/p>\n\n\n\n<figure class=\"wp-block-image size-large\"><img loading=\"lazy\" decoding=\"async\" width=\"1024\" height=\"683\" src=\"https:\/\/www.sealines.eu\/wp-content\/uploads\/2023\/12\/Traghetti-Venezia-Corfu-Vlacherna-church-1024x683.webp\" alt=\"\" class=\"wp-image-5048\" title=\"Traghetti Venezia Corfu\" srcset=\"https:\/\/www.sealines.eu\/wp-content\/uploads\/2023\/12\/Traghetti-Venezia-Corfu-Vlacherna-church-1024x683.webp 1024w, https:\/\/www.sealines.eu\/wp-content\/uploads\/2023\/12\/Traghetti-Venezia-Corfu-Vlacherna-church-300x200.webp 300w, https:\/\/www.sealines.eu\/wp-content\/uploads\/2023\/12\/Traghetti-Venezia-Corfu-Vlacherna-church-768x512.webp 768w, https:\/\/www.sealines.eu\/wp-content\/uploads\/2023\/12\/Traghetti-Venezia-Corfu-Vlacherna-church.webp 1200w\" sizes=\"auto, (max-width: 1024px) 100vw, 1024px\" data-no-auto-translation=\"\" \/><\/figure>\n\n\n<h2 class=\"wp-block-heading has-text-color has-link-color\" style=\"color: #074164;\"><i class=\"fas fa-circle-info\"><\/i><\/h2>\n<h2 class=\"wp-block-heading has-text-align-left has-text-color has-background has-link-color has-medium-font-size\" style=\"color: #f6cc36; background-color: #074164;\">\u03a0\u03bb\u03b7\u03c1\u03bf\u03c6\u03bf\u03c1\u03af\u03b5\u03c2 \u03ba\u03b1\u03b9 \u03c3\u03c5\u03bc\u03b2\u03bf\u03c5\u03bb\u03ad\u03c2 \u03b3\u03b9\u03b1 \u03c4\u03bf \u03c4\u03b1\u03be\u03af\u03b4\u03b9 \u03bc\u03b5 \u03c0\u03bb\u03bf\u03af\u03bf<\/h2>\n\n\n<h2 class=\"wp-block-heading\"><\/h2>\n\n\n\n<h2 class=\"wp-block-heading has-text-color has-link-color has-medium-font-size wp-elements-6\" style=\"color:#074164\"><i>Qual \u00e8 la distanza Venezia Corfu?<\/i><\/h2>\n\n\n\n<p class=\"has-text-color has-link-color wp-elements-7 wp-block-paragraph\" style=\"color:#074164;font-size:15px\">La distanza tra il Porto di Venezia \u00e8 Corf\u00f9 \u00e8 di circa <strong>496 miglia marine<\/strong>. Gli uffici d\u2019imbarco sono situati nell&#8217;area portuale di Venezia Fusina, Terminal Ferry 2.<\/p>\n\n\n\n<h2 class=\"wp-block-heading has-text-color has-link-color has-medium-font-size wp-elements-8\" style=\"color:#074164\"><i>Quanto dura il viaggio in traghetto da Venezia per Corf\u00f9?<\/i><\/h2>\n\n\n\n<p class=\"has-text-color has-link-color wp-elements-9 wp-block-paragraph\" style=\"color:#074164;font-size:15px\">La durata della traversata \u00e8 di circa 26 ore, la nave della <strong><a href=\"https:\/\/www.sealines.eu\/el\/anek-superfast\/\" data-type=\"link\" data-id=\"sealines.eu\/anek-superfast\">\u0395\u03c4\u03b1\u03b9\u03c1\u03b5\u03af\u03b1 Anek-Superfast<\/a><\/strong> parte una volta a settimana durante i mesi estivi. L&#8217;orario di partenza \u00e8 a mezzogiorno e l&#8217;arrivo a Corf\u00f9 \u00e8 alle 15:00 del giorno dopo. ora locale greca. <\/p>\n\n\n\n<h2 class=\"wp-block-heading has-text-color has-link-color has-medium-font-size wp-elements-10\" style=\"color:#074164\"><i>Ci sono aliscafi o traghetti veloci sulla linea Venezia Corf\u00f9?<\/i><\/h2>\n\n\n\n<p class=\"has-text-color has-link-color wp-elements-11 wp-block-paragraph\" style=\"color:#074164;font-size:15px\">No, non ci sono catamarani o aliscafi su questa tratta, ma solo grandi navi convenzionali.<\/p>\n\n\n\n<h2 class=\"wp-block-heading has-text-color has-link-color has-medium-font-size wp-elements-12\" style=\"color:#074164\"><i>Da dove posso prendere il traghetto da Venezia verso Corf\u00f9?<\/i><\/h2>\n\n\n\n<p class=\"has-text-color has-link-color wp-elements-13 wp-block-paragraph\" style=\"color:#074164;font-size:15px\">Gli uffici portuali dove effettuare il <strong>check-in<\/strong>, per i passeggeri e i mezzi in partenza per la Grecia, si trovano all&#8217;interno della Stazione Marittima di <strong>Venezia Fusina<\/strong>, precisamente in Via dell&#8217;Elettronica. .<\/p>\n\n\n\n<h2 class=\"wp-block-heading has-text-color has-link-color has-medium-font-size wp-elements-14\" style=\"color:#074164\"><i>\u0391\u03c0\u03b1\u03b9\u03c4\u03bf\u03cd\u03bc\u03b5\u03bd\u03b1 \u03ad\u03b3\u03b3\u03c1\u03b1\u03c6\u03b1 \u03b3\u03b9\u03b1 \u03c4\u03bf \u03c4\u03b1\u03be\u03af\u03b4\u03b9<\/i><\/h2>\n\n\n\n<p class=\"has-text-color has-link-color wp-elements-15 wp-block-paragraph\" style=\"color:#074164;font-size:15px\">I cittadini italiano possono recarsi in Grecia con la sola carta d&#8217;identit\u00e0 valida per l&#8217;espatrio oppure con il passaporto. Se si viaggia con un mezzo, auto, moto o camper, \u00e8 obbligatorio essere muniti di documenti originali, come la patente, il libretto di circolazione e la polizza assicurativa. <\/p>\n\n\n\n<h2 class=\"wp-block-heading has-text-color has-link-color has-medium-font-size wp-elements-16\" style=\"color:#074164\"><i>\u03a0\u03bf\u03b9\u03b5\u03c2 \u03b5\u03af\u03bd\u03b1\u03b9 \u03bf\u03b9 \u03b4\u03b9\u03b1\u03b4\u03b9\u03ba\u03b1\u03c3\u03af\u03b5\u03c2 \u03b3\u03b9\u03b1 \u03c4\u03bf\u03bd \u03ad\u03bb\u03b5\u03b3\u03c7\u03bf \u03b5\u03b9\u03c3\u03b9\u03c4\u03b7\u03c1\u03af\u03c9\u03bd \u03ba\u03b1\u03b9 \u03c4\u03b7\u03bd \u03b5\u03c0\u03b9\u03b2\u03af\u03b2\u03b1\u03c3\u03b7 \u03c3\u03c4\u03bf \u03c0\u03bb\u03bf\u03af\u03bf;<\/i><\/h2>\n\n\n\n<p class=\"has-text-color has-link-color wp-elements-17 wp-block-paragraph\" style=\"color:#074164;font-size:15px\">Prima di salire a bordo della nave, i passeggeri dovranno presentarsi agli uffici portuali per ritirare le carte d&#8217;imbarco, almeno 2 ore prima della partenza <strong>nave Venezia Corf\u00f9<\/strong>.<\/p>\n\n\n\n<h2 class=\"wp-block-heading has-text-color has-link-color has-large-font-size wp-elements-18\" style=\"color:#074164\"><i class=\"fas fa-calendar\"><\/i><\/h2>\n\n\n<h2 class=\"wp-block-heading has-text-color has-background has-link-color has-medium-font-size\" style=\"color: #f6cc36; background-color: #074164;\">Orari, Prezzi e Offerte Traghetti Venezia Corf\u00f9<\/h2>\n\n\n<p class=\"has-text-color has-link-color wp-elements-19 wp-block-paragraph\" style=\"color:#074164;font-size:15px\">Consulta le partenze del traghetto, inserisci i dati dei passeggeri e dei veicoli al seguito, scegli la sistemazione pi\u00f9 adatta alle tue esigenze e completa l&#8217;acquisto del biglietto online, senza costi nascosti e in modo semplice e intuitivo. Affidati al nostro Portale Traghetti che applica in automatico le promozioni attive e gli sconti che la compagnia dedica alle diverse categorie dei passeggeri. &#8216;<\/p>\n\n\n\n<h2 class=\"wp-block-heading has-text-color has-link-color has-medium-font-size wp-elements-20\" style=\"color:#074164\"><i>Quanto costa il traghetto da Venezia per Corf\u00f9?<\/i><\/h2>\n\n\n\n<p class=\"has-text-color has-link-color wp-elements-21 wp-block-paragraph\" style=\"color:#074164;font-size:15px\">Il biglietto standard del passaggio in <strong>nave da Venezia per Corf\u00f9<\/strong>, costa esattamente <strong>87 euro<\/strong>, ai quali si aggiungono <strong>41 euro delle tasse d\u2019imbarco<\/strong> e del supplemento a difesa dell\u2019ambiente. Questa tariffa pu\u00f2 variare in base alla stagionalit\u00e0 e alla variazione delle tasse.<\/p>\n\n\n\n<p class=\"has-text-color has-link-color wp-elements-22 wp-block-paragraph\" style=\"color:#074164;font-size:15px\">Il costo della <strong>macchina<\/strong> \u00e8 di <strong>170 euro<\/strong> tariffa standard e <strong>57 euro tasse e diritti<\/strong>. Sulla tratta di <strong><a href=\"https:\/\/www.sealines.eu\/el\/corfu-ancona\/\" data-type=\"link\" data-id=\"sealines.eu\/corfu-ancona\">ritorno Corf\u00f9 Venezia<\/a><\/strong> la compagnia prevede uno <strong>\u03ad\u03ba\u03c0\u03c4\u03c9\u03c3\u03b7 \u03c4\u03bf\u03c5 20%<\/strong> su tutte le sistemazioni per i passeggeri e i veicoli al loro seguito.<\/p>\n\n\n\n<h2 class=\"wp-block-heading has-text-color has-link-color has-medium-font-size wp-elements-23\" style=\"color:#074164\"><i>\u0395\u03ba\u03c0\u03c4\u03ce\u03c3\u03b5\u03b9\u03c2 \u03c3\u03c4\u03b9\u03c2 \u03ba\u03b1\u03bd\u03bf\u03bd\u03b9\u03ba\u03ad\u03c2 \u03c4\u03b9\u03bc\u03ad\u03c2<\/i><\/h2>\n\n\n\n<p class=\"has-text-color has-link-color wp-elements-24 wp-block-paragraph\" style=\"color:#074164;font-size:15px\">Per le famiglie numerose, per i senior over 60, per i bambini, i giovani fino a 26 anni e per i gruppi organizzati ci sono degli sconti applicabili durante tutto l&#8217;anno e tariffe ridotte.  <\/p>\n\n\n\n<p class=\"has-text-color has-link-color wp-elements-25 wp-block-paragraph\" style=\"color:#074164;font-size:15px\">I passeggeri in possesso della tessera fedelt\u00e0 di autoclub o camperclub che hanno stipulato all&#8217;inizio dell&#8217;anno una convenzione con le compagnia dei <strong>traghetti Venezia Corf\u00f9<\/strong>, usufruiscono di uno <strong>\u03ad\u03ba\u03c0\u03c4\u03c9\u03c3\u03b7 \u03c4\u03bf\u03c5 25% <\/strong>sulla tariffa standard del veicolo. Ricordati che al momento del check-in \u00e8 necessario esibire la tessera digitale originale rilasciata a nome del titolare del biglietto nave. <\/p>\n\n\n\n<h2 class=\"wp-block-heading has-text-color has-link-color has-medium-font-size wp-elements-26\" style=\"color:#074164\"><i>\u03a0\u03c1\u03bf\u03c3\u03c6\u03bf\u03c1\u03ad\u03c2 \u03ba\u03b1\u03b9 \u03c0\u03c1\u03bf\u03c9\u03b8\u03b7\u03c4\u03b9\u03ba\u03ad\u03c2 \u03b5\u03bd\u03ad\u03c1\u03b3\u03b5\u03b9\u03b5\u03c2<\/i><\/h2>\n\n\n\n<p class=\"has-text-color has-link-color wp-elements-27 wp-block-paragraph\" style=\"color:#074164;font-size:15px\">Sul nostro <strong><a href=\"http:\/\/booking.sealines.eu\" data-type=\"link\" data-id=\"booking.sealines.eu\">\u03a0\u03cd\u03bb\u03b7 \u03c0\u03bb\u03bf\u03af\u03c9\u03bd<\/a><\/strong> troverai tutte le offerte attive, le condizioni e la scadenza, per acquistare il tuo viaggio in traghetto al miglior prezzo. <\/p>\n\n\n\n<p class=\"has-text-color has-link-color wp-elements-28 wp-block-paragraph\" style=\"color:#074164;font-size:15px\">Se si acquista il biglietto di andata e del <a href=\"https:\/\/www.sealines.eu\/el\/corfu-venezia\/\" data-type=\"link\" data-id=\"http:\/\/sealines.eu\/corfu-venezia\"><strong>ritorno in traghetto Corf\u00f9 Venezia<\/strong><\/a> contemporaneamente, quest&#8217;ultimo sar\u00e0 scontato del 20% sia sulle tariffe passeggeri che per quelle dei veicoli. <\/p>\n\n\n\n<h2 class=\"wp-block-heading has-text-color has-link-color has-medium-font-size wp-elements-29\" style=\"color:#074164\"><i>Sistemazioni sui traghetti da Venezia a Corf\u00f9<\/i><\/h2>\n\n\n\n<p class=\"has-text-color has-link-color wp-elements-30 wp-block-paragraph\" style=\"color:#074164;font-size:15px\">Ci sono diverse sistemazioni a bordo delle navi che collegano Venezia con il porto di Corf\u00f9, tra tutte quella della cabina \u00e8 di gran lunga la pi\u00f9 consigliata da parte del nostro <strong><a href=\"https:\/\/www.sealines.eu\/el\/%ce%b5%cf%80%ce%b1%cf%86%ce%ad%cf%82\/\" data-type=\"link\" data-id=\"sealines.eu\/contatti\">\u0393\u03c1\u03b1\u03c6\u03b5\u03af\u03bf \u03c0\u03bb\u03bf\u03af\u03c9\u03bd<\/a><\/strong>, dato la durata del viaggio. <\/p>\n\n\n\n<h2 class=\"wp-block-heading has-text-color has-link-color has-medium-font-size wp-elements-31\" style=\"color:#074164\"><i>\u03a5\u03c0\u03b7\u03c1\u03b5\u03c3\u03af\u03b5\u03c2 \u03c0\u03bf\u03c5 \u03c0\u03c1\u03bf\u03c3\u03c6\u03ad\u03c1\u03bf\u03bd\u03c4\u03b1\u03b9 \u03b5\u03c0\u03af \u03c4\u03bf\u03c5 \u03c3\u03ba\u03ac\u03c6\u03bf\u03c5\u03c2<\/i><\/h2>\n\n\n\n<p class=\"has-text-color has-link-color wp-elements-32 wp-block-paragraph\" style=\"color:#074164;font-size:15px\">Sui <strong>traghetti Venezia Corf\u00f9 <\/strong>ci sono diversi servizi che rendono piacevole il tempo trascorso in viaggio, come bar, ristorante self-service, piscina, discoteca, area di giochi e divertimenti per i pi\u00f9 piccoli, servizio <i>wi-fi<\/i> durante la traversata.<\/p>\n\n\n\n<h2 class=\"wp-block-heading has-text-color has-link-color has-medium-font-size wp-elements-33\" style=\"color:#074164\"><i>Prenotare la macchina o il camper sul traghetto Venezia Corf\u00f9<\/i><\/h2>\n\n\n\n<p class=\"has-text-color has-link-color wp-elements-34 wp-block-paragraph\" style=\"color:#074164;font-size:15px\">\u03a3\u03c4\u03bf <strong>nave Venezia Corf\u00f9<\/strong> \u00e8 possibile viaggiare con una macchina, moto, camper e roulotte. E&#8217; consigliabile la prenotazione in anticipo, dato la frequenza del viaggio e la grande richiesta.<\/p>\n\n\n\n<p class=\"has-text-color has-link-color wp-elements-35 wp-block-paragraph\" style=\"color:#074164;font-size:15px\">Il costo della <strong>macchina<\/strong> \u00e8 di 170<strong> euro<\/strong>, tasse e diritti esclusi. Per il viaggio in <strong><a href=\"https:\/\/www.sealines.eu\/el\/corfu-venezia\/\" data-type=\"link\" data-id=\"sealines.eu\/corfu-venezia\">traghetto Corfu Venezia<\/a><\/strong>, le tariffe sono <strong>scontate del 20%<\/strong>, se il biglietto del ritorno viene acquistato insieme a quello dell\u2019andata.<\/p>\n\n\n\n<h2 class=\"wp-block-heading has-text-color has-link-color has-medium-font-size wp-elements-36\" style=\"color:#074164\"><i>\u03a6\u03ad\u03c1\u03bd\u03bf\u03bd\u03c4\u03b1\u03c2 \u03ad\u03bd\u03b1 \u03ba\u03b1\u03c4\u03bf\u03b9\u03ba\u03af\u03b4\u03b9\u03bf \u03b6\u03ce\u03bf \u03c3\u03c4\u03bf \u03c0\u03bb\u03bf\u03af\u03bf<\/i><\/h2>\n\n\n\n<p class=\"has-text-color has-link-color wp-elements-37 wp-block-paragraph\" style=\"color:#074164;font-size:15px\">Si pu\u00f2 viaggiare con il proprio amico pelosetto sulla <strong>nave Venezia Corf\u00f9<\/strong>, i cui dati vengono richiesti in fase di prenotazione. E&#8217; cura del proprietario munirsi di museruola e guinzaglio, di documenti originali come il <strong>\u0394\u03b9\u03b1\u03b2\u03b1\u03c4\u03ae\u03c1\u03b9\u03bf \u03c4\u03b7\u03c2 \u0395\u0395<\/strong> e dichiarazione rilasciata dal veterinario che attesti il buono stato di salute dell&#8217;animale. <\/p>\n\n\n\n<h2 class=\"wp-block-heading has-text-color has-link-color has-medium-font-size wp-elements-38\" style=\"color:#074164\"><i>Il bagaglio durante il viaggio in traghetto Venezia Corf\u00f9<\/i><\/h2>\n\n\n\n<p class=\"has-text-color has-link-color wp-elements-39 wp-block-paragraph\" style=\"color:#074164;font-size:15px\">Si, certo. Sulla nave \u00e8 permesso portare il proprio bagaglio senza limiti di peso. <\/p>\n\n\n\n<h2 class=\"wp-block-heading has-text-color has-link-color has-large-font-size wp-elements-40\" style=\"color:#074164\"><i class=\"fas fa-cart-plus\"><\/i><\/h2>\n\n\n<h2 class=\"wp-block-heading has-text-color has-background has-link-color has-medium-font-size\" style=\"color: #f6cc36; background-color: #074164;\">Come prenotare i biglietti del traghetto Venezia Corfu<\/h2>\n\n\n<p class=\"has-text-color has-link-color wp-elements-41 wp-block-paragraph\" style=\"color:#074164;font-size:15px\">Stai cercando le ultime offerte traghetti Venezia Corf\u00f9? Vuoi acquistare online il biglietto in modo veloce e intuitivo? Il <strong><a href=\"http:\/\/booking.sealines.eu\" data-type=\"link\" data-id=\"booking.sealines.eu\">Sealines Ferries Portal<\/a><\/strong> \u00e8 il comparatore pi\u00f9 completo e conveniente, perch\u00e9 interroga <strong>2500 collegamenti marittimi<\/strong> in pi\u00f9 di 20 paesi del mondo, prima di consegnarti gratuitamente il preventivo dettagliato del viaggio, senza costi nascosti. <\/p>\n\n\n\n<h2 class=\"wp-block-heading has-text-color has-link-color has-medium-font-size wp-elements-42\" style=\"color:#074164\"><i>\u03a0\u03cc\u03c4\u03b5 \u03b5\u03af\u03bd\u03b1\u03b9 \u03c6\u03b8\u03b7\u03bd\u03cc\u03c4\u03b5\u03c1\u03bf \u03bd\u03b1 \u03ba\u03bb\u03b5\u03af\u03c3\u03b5\u03c4\u03b5 \u03ad\u03bd\u03b1 \u03b1\u03ba\u03c4\u03bf\u03c0\u03bb\u03bf\u03ca\u03ba\u03cc \u03b5\u03b9\u03c3\u03b9\u03c4\u03ae\u03c1\u03b9\u03bf;<i><\/i><\/i><\/h2>\n\n\n\n<p class=\"has-text-color has-link-color wp-elements-43 wp-block-paragraph\" style=\"color:#074164;font-size:15px\">Prenotando in anticipo, hai pi\u00f9 possibilit\u00e0 di trovare prezzi pi\u00f9 bassi e maggiore disponibilit\u00e0 delle sistemazioni a bordo nave. la <strong><a href=\"https:\/\/www.sealines.eu\/el\/anek-superfast\/\" data-type=\"link\" data-id=\"sealines.eu\/anek-superfast\">Compagnia Anek-Superfast<\/a><\/strong> che opera su questa tratta applica uno <strong>\u03ad\u03ba\u03c0\u03c4\u03c9\u03c3\u03b7 \u03c4\u03bf\u03c5 25%<\/strong> a tutti coloro che acquisteranno il biglietto entro la fine di febbraio. <\/p>\n\n\n\n<h2 class=\"wp-block-heading has-text-color has-link-color has-medium-font-size wp-elements-44\" style=\"color:#074164\"><i>\u03a0\u03ce\u03c2 \u03bc\u03c0\u03bf\u03c1\u03ce \u03bd\u03b1 \u03ba\u03ac\u03bd\u03c9 \u03ba\u03c1\u03ac\u03c4\u03b7\u03c3\u03b7 \u03b3\u03b9\u03b1 \u03c4\u03b1\u03be\u03af\u03b4\u03b9 \u03bc\u03b5 \u03c0\u03bb\u03bf\u03af\u03bf \u03b3\u03b9\u03b1 \u03bc\u03b9\u03b1 \u03bf\u03bc\u03ac\u03b4\u03b1;<i><\/i><\/i><\/h2>\n\n\n\n<p class=\"has-text-color has-link-color wp-elements-45 wp-block-paragraph\" style=\"color:#074164;font-size:15px\">Se vuoi prenotare un gruppo organizzato sulla <strong>tratta Venezia Corf\u00f9<\/strong>, puoi compilare il <strong><a href=\"https:\/\/www.sealines.eu\/el\/%ce%b5%cf%80%ce%b1%cf%86%ce%ad%cf%82\/\" data-type=\"link\" data-id=\"https:\/\/www.sealines.eu\/contatti\">form<\/a><\/strong> che trovi qui, oppure chiamare il nostro Ufficio Gruppi al numero 0809260042.<\/p>\n\n\n\n<h2 class=\"wp-block-heading has-text-color has-link-color has-medium-font-size wp-elements-46\" style=\"color:#074164\"><i>Posso acquistare un biglietto nave a data aperta per il ritorno?<i><\/i><\/i><\/h2>\n\n\n\n<p class=\"has-text-color has-link-color wp-elements-47 wp-block-paragraph\" style=\"color:#074164;font-size:15px\">Non \u00e8 possibile acquistare un biglietto senza una data prestabilita al momento della prenotazione. Per modifiche o cancellazioni, ti invitiamo a rivolgerti al nostro <strong><a href=\"https:\/\/www.sealines.eu\/el\/%ce%b5%cf%80%ce%b1%cf%86%ce%ad%cf%82\/\" data-type=\"link\" data-id=\"sealines.eu\/contatti\">\u03b5\u03be\u03c5\u03c0\u03b7\u03c1\u03ad\u03c4\u03b7\u03c3\u03b7 \u03c0\u03b5\u03bb\u03b1\u03c4\u03ce\u03bd <i>post-vendita<\/i><\/a><\/strong>, per telefono oppure inviando una mail.<\/p>\n\n\n\n<h2 class=\"wp-block-heading has-text-color has-link-color has-medium-font-size wp-elements-48\" style=\"color:#074164\"><i>Prenota i traghetti Venezia Corfu a prezzi economici<\/i><\/h2>\n\n\n\n<p class=\"has-text-color has-link-color wp-elements-49 wp-block-paragraph\" style=\"color:#074164;font-size:15px\">Acquista online il tuo biglietto del <strong>traghetto per Corf\u00f9 da Venezia<\/strong>, riceverai in tempo reale una mail con il titolo di viaggio in formato digitale, pronto per essere esibito al momento del check-in. <\/p>","protected":false},"excerpt":{"rendered":"<p>Corf\u00f9 \u00e8 spesso definita l&#8217;isola pi\u00f9 verde della Grecia, perch\u00e9 anche in piena estate le colline e i paesaggi ricoperti di verde rigoglioso regalano uno scenario unico e indimenticabile. Corf\u00f9 \u00e8 un&#8217;isola bellissima, Omero, che la chiamava \u201cl&#8217;isola bella e ricca\u201d, la scelse come luogo d&#8217;incontro tra Ulisse e Nausica. Per esplorarlo tutta si ha [&hellip;]<\/p>\n","protected":false},"author":3,"featured_media":5046,"comment_status":"open","ping_status":"closed","sticky":false,"template":"","format":"standard","meta":{"_acf_changed":false,"wds_primary_category":23,"footnotes":""},"categories":[23,17],"tags":[19],"class_list":["post-1066","post","type-post","status-publish","format-standard","has-post-thumbnail","hentry","category-grecia","category-traghetti","tag-andata"],"acf":[],"permalink_manager":null,"_links":{"self":[{"href":"https:\/\/www.sealines.eu\/el\/wp-json\/wp\/v2\/posts\/1066","targetHints":{"allow":["GET"]}}],"collection":[{"href":"https:\/\/www.sealines.eu\/el\/wp-json\/wp\/v2\/posts"}],"about":[{"href":"https:\/\/www.sealines.eu\/el\/wp-json\/wp\/v2\/types\/post"}],"author":[{"embeddable":true,"href":"https:\/\/www.sealines.eu\/el\/wp-json\/wp\/v2\/users\/3"}],"replies":[{"embeddable":true,"href":"https:\/\/www.sealines.eu\/el\/wp-json\/wp\/v2\/comments?post=1066"}],"version-history":[{"count":29,"href":"https:\/\/www.sealines.eu\/el\/wp-json\/wp\/v2\/posts\/1066\/revisions"}],"predecessor-version":[{"id":5049,"href":"https:\/\/www.sealines.eu\/el\/wp-json\/wp\/v2\/posts\/1066\/revisions\/5049"}],"wp:featuredmedia":[{"embeddable":true,"href":"https:\/\/www.sealines.eu\/el\/wp-json\/wp\/v2\/media\/5046"}],"wp:attachment":[{"href":"https:\/\/www.sealines.eu\/el\/wp-json\/wp\/v2\/media?parent=1066"}],"wp:term":[{"taxonomy":"category","embeddable":true,"href":"https:\/\/www.sealines.eu\/el\/wp-json\/wp\/v2\/categories?post=1066"},{"taxonomy":"post_tag","embeddable":true,"href":"https:\/\/www.sealines.eu\/el\/wp-json\/wp\/v2\/tags?post=1066"}],"curies":[{"name":"wp","href":"https:\/\/api.w.org\/{rel}","templated":true}]}}