{"id":13164,"date":"2026-03-11T09:36:20","date_gmt":"2026-03-11T08:36:20","guid":{"rendered":"https:\/\/www.sealines.eu\/?p=13164"},"modified":"2026-03-26T13:12:16","modified_gmt":"2026-03-26T12:12:16","slug":"ferries-de-algerie","status":"publish","type":"post","link":"https:\/\/www.sealines.eu\/pt\/compagnie\/algerie-ferries\/","title":{"rendered":"Alg\u00e9rie Ferries"},"content":{"rendered":"<p class=\"has-text-color has-link-color wp-elements-a98d07dfb39d1fa98d4204511a2a59a7\" style=\"color:#074164;font-size:15px\">Explorar as liga\u00e7\u00f5es mar\u00edtimas da empresa connosco <strong>Algerie Ferries<\/strong>&nbsp;e descubra ofertas imperd\u00edveis para destinos fascinantes. Quer esteja a planear um regresso a casa ou uma aventura tur\u00edstica, reservar a sua viagem mar\u00edtima \u00e9 a melhor forma de come\u00e7ar a experi\u00eancia! \ud83c\udf0a\u2728<\/p>\n\n\n\n<h2 class=\"wp-block-heading has-text-color has-link-color has-medium-font-size wp-elements-ae7e312ec6fcaf8ae08085fccc3bd85e\" style=\"color:#074164\">\ud83c\udf0d Introdu\u00e7\u00e3o \u00e0 Algerie Ferries<\/h2>\n\n\n\n<p class=\"has-text-color has-link-color wp-elements-59f95f4bcfe69930542ec6d5feb114bc\" style=\"color:#074164;font-size:15px\">Os ferries de e para a Arg\u00e9lia s\u00e3o uma das op\u00e7\u00f5es mais convenientes e atractivas para chegar ao Norte de \u00c1frica. Gra\u00e7as \u00e0 possibilidade de&nbsp;<strong>transportar o seu ve\u00edculo<\/strong>, oferecem uma flexibilidade que os avi\u00f5es n\u00e3o conseguem igualar. \ud83d\ude97\ud83d\udca8<\/p>\n\n\n\n<p class=\"has-text-color has-link-color wp-elements-7f169ff4792c4f01fb4679bf569a7fa7\" style=\"color:#074164;font-size:15px\">Os navios modernos transformam a travessia num momento de descontra\u00e7\u00e3o:<\/p>\n\n\n\n<ul style=\"color:#074164;font-size:15px\" class=\"wp-block-list has-text-color has-link-color wp-elements-9ec2796a9924de90bb4ee4379506e9d2\">\n<li><strong>Conforto a bordo:<\/strong>&nbsp;Cabanas acolhedoras, restaurantes e \u00e1reas de relaxamento. \ud83d\udecc\ud83c\udf7d\ufe0f<\/li>\n\n\n\n<li><strong>Ponte entre culturas:<\/strong>&nbsp;Uma liga\u00e7\u00e3o vital entre os principais portos europeus e a costa argelina. \ud83e\udd1d<\/li>\n\n\n\n<li><strong>Natureza de cortar a respira\u00e7\u00e3o:<\/strong>&nbsp;Ao navegar no Mediterr\u00e2neo, n\u00e3o \u00e9 raro avistar golfinhos sob pores-do-sol espectaculares. \ud83d\udc2c\ud83c\udf05<\/li>\n<\/ul>\n\n\n\n<h2 class=\"wp-block-heading has-text-color has-link-color has-medium-font-size wp-elements-d682dfec0113de0aa8c549574ea14ac2\" style=\"color:#074164\">Porqu\u00ea escolher a Algerie Ferries?<\/h2>\n\n\n\n<p class=\"has-text-color has-link-color wp-elements-15a4731266d5c6f077c2bc00577b72c4\" style=\"color:#074164;font-size:15px\">Optar pelo navio tem vantagens imbat\u00edveis:<\/p>\n\n\n\n<ul style=\"color:#074164;font-size:15px\" class=\"wp-block-list has-text-color has-link-color wp-elements-164bf9bbca735eb15174872f98371e2f\">\n<li><strong>Autonomia total:<\/strong>\u00a0Traga o seu carro ou carrinha de campismo para explorar a\u2019<strong><a href=\"https:\/\/www.sealines.eu\/pt\/destinos\/direto\/traghetti-algeria\/\" data-type=\"post\" data-id=\"11060\">Arg\u00e9lia<\/a><\/strong> em liberdade. \ud83d\ude90<\/li>\n\n\n\n<li><strong>Adeus ao stress do aeroporto:<\/strong>&nbsp;Sem longas filas nos postos de controlo de seguran\u00e7a ou restri\u00e7\u00f5es rigorosas de bagagem. \ud83e\uddf3\ud83d\udeab<\/li>\n\n\n\n<li><strong>Rela\u00e7\u00e3o custo-efic\u00e1cia:<\/strong>&nbsp;Os pre\u00e7os s\u00e3o muitas vezes mais baratos do que os voos, especialmente com a&nbsp;<strong><a href=\"http:\/\/booking.sealines.eu\" data-type=\"link\" data-id=\"booking.sealines.eu\">ofertas de reserva antecipada<\/a><\/strong>. \ud83d\udcb6\ud83d\udcc9<\/li>\n<\/ul>\n\n\n<div class=\"wp-block-image\">\n<figure class=\"aligncenter size-full\"><img loading=\"lazy\" decoding=\"async\" width=\"750\" height=\"375\" src=\"https:\/\/www.sealines.eu\/wp-content\/uploads\/2026\/03\/Traghetti-Algerie-Ferries.webp\" alt=\"\" class=\"wp-image-13329\" title=\"Traghetti Algerie Ferries assicurano i collegamenti con l'Italia, Francia e la Spagna\" srcset=\"https:\/\/www.sealines.eu\/wp-content\/uploads\/2026\/03\/Traghetti-Algerie-Ferries.webp 750w, https:\/\/www.sealines.eu\/wp-content\/uploads\/2026\/03\/Traghetti-Algerie-Ferries-300x150.webp 300w, https:\/\/www.sealines.eu\/wp-content\/uploads\/2026\/03\/Traghetti-Algerie-Ferries-18x9.webp 18w\" sizes=\"auto, (max-width: 750px) 100vw, 750px\" data-no-auto-translation=\"\" \/><figcaption class=\"wp-element-caption\"><em>A Algerie Ferries assegura as liga\u00e7\u00f5es com\u2019<a href=\"https:\/\/www.sealines.eu\/pt\/destinos\/direto\/traghetti-italia\/\" data-type=\"post\" data-id=\"168\">It\u00e1lia<\/a>, <a href=\"https:\/\/www.sealines.eu\/pt\/destinos\/direto\/ferries-franca\/\" data-type=\"link\" data-id=\"https:\/\/www.sealines.eu\/destinazioni\/direct\/traghetti-francia\/\">Fran\u00e7a<\/a> e o <a href=\"https:\/\/www.sealines.eu\/pt\/destinos\/direto\/traghetti-spagna\/\">Espanha<\/a><\/em><\/figcaption><\/figure><\/div>\n\n\n<h2 class=\"wp-block-heading has-text-color has-background has-link-color has-medium-font-size wp-elements-971e4afaccade188b22854b7de4f1964\" style=\"color:#ffc107;background-color:#074164\">Algerie Ferries: Rotas e destinos<\/h2>\n\n\n\n<p class=\"has-text-color has-link-color wp-elements-1729b3cfc47560bb02056599f72af756\" style=\"color:#074164;font-size:15px\">Explorando o\u2019<strong><a href=\"https:\/\/www.sealines.eu\/pt\/destinos\/direto\/traghetti-algeria\/\" data-type=\"post\" data-id=\"11060\">Arg\u00e9lia<\/a><\/strong>\u00a0significa mergulhar num mosaico de civiliza\u00e7\u00f5es e de paisagens primordiais. Das cidades costeiras acariciadas pelo Mediterr\u00e2neo \u00e0s dunas silenciosas do Saara, este pa\u00eds oferece uma experi\u00eancia de viagem cheia de contrastes e emo\u00e7\u00f5es aut\u00eanticas. \ud83c\udf0a\ud83c\udfdc\ufe0f<\/p>\n\n\n\n<h2 class=\"wp-block-heading has-text-color has-link-color has-medium-font-size wp-elements-3dcc44d614b4cf584203fb69dea13d04\" style=\"color:#074164\">\ud83c\udfd9\ufe0f Argel: o encanto da \u201ccapital branca\u201d<\/h2>\n\n\n\n<p class=\"has-text-color has-link-color wp-elements-5c8f9efdf4a073c8e8c50983cea83050\" style=\"color:#074164;font-size:15px\">Conhecida em todo o mundo pela brancura dos seus edif\u00edcios,&nbsp;<strong>Argel<\/strong>&nbsp;\u00e9 o cora\u00e7\u00e3o pulsante e cultural da na\u00e7\u00e3o. A sua alma est\u00e1 na&nbsp;<strong>Casbah<\/strong>, um intrincado labirinto de ruelas e casas hist\u00f3ricas empoleiradas na encosta, agora protegido pela UNESCO. \ud83c\udfdb\ufe0f<\/p>\n\n\n\n<ul style=\"color:#074164;font-size:15px\" class=\"wp-block-list has-text-color has-link-color wp-elements-eb23d8ebd3306a21b28fb7f5d2146db3\">\n<li><strong>Patrim\u00f3nio hist\u00f3rico:<\/strong>&nbsp;N\u00e3o perca a&nbsp;<strong>Mesquita de Ketchaoua<\/strong>, s\u00edmbolo de s\u00e9culos de interc\u00e2mbio cultural, e o&nbsp;<strong>Museu Bard<\/strong>, que guarda artefactos preciosos de civiliza\u00e7\u00f5es passadas. \ud83c\udffa<\/li>\n\n\n\n<li><strong>Arte e vista para o mar:<\/strong>&nbsp;O&nbsp;<strong>Museu Nacional de Belas Artes<\/strong>&nbsp;oferece uma cole\u00e7\u00e3o de arte de classe mundial, enquanto um passeio \u00e0 beira-mar permite respirar a ess\u00eancia mediterr\u00e2nica enquanto se admira a ba\u00eda. \ud83c\udfa8\ud83c\udf0a<\/li>\n\n\n\n<li><strong>Vida urbana:<\/strong>&nbsp;Entre locais hist\u00f3ricos, relaxe em caf\u00e9s modernos para saborear a culin\u00e1ria local e experimentar a vitalidade din\u00e2mica do presente. \u2615\ud83e\udd58<\/li>\n<\/ul>\n\n\n\n<h2 class=\"wp-block-heading has-text-color has-link-color has-medium-font-size wp-elements-d990283312b47a816c1b6b6c1a22f410\" style=\"color:#074164\">\ud83c\udfdb\ufe0f Ru\u00ednas de Djemila: antigo esplendor romano<\/h2>\n\n\n\n<p class=\"has-text-color has-link-color wp-elements-95a029c3803ab28c4d054a80f823189f\" style=\"color:#074164;font-size:15px\">Escondido nas montanhas do norte, o antigo&nbsp;<strong>Cuicul<\/strong>&nbsp;(atualmente&nbsp;<strong>Djemila<\/strong>) \u00e9 um dos vest\u00edgios romanos mais bem preservados do Norte de \u00c1frica. \ud83d\udee1\ufe0f\ud83d\udcdc<\/p>\n\n\n\n<p class=\"has-text-color has-link-color wp-elements-dad82125e6898e0de81ee25b1b9d7969\" style=\"color:#074164;font-size:15px\">Este s\u00edtio da UNESCO transporta os visitantes para o s\u00e9culo I d.C. atrav\u00e9s de:<\/p>\n\n\n\n<ul style=\"color:#074164;font-size:15px\" class=\"wp-block-list has-text-color has-link-color wp-elements-bad9ec4f0107f92ae72a6bfe48889324\">\n<li>A<strong>Arquitetura monumental:<\/strong>&nbsp;O F\u00f3rum, o Templo de J\u00fapiter e as Termas mostram a engenharia avan\u00e7ada da \u00e9poca. \ud83c\udfdb\ufe0f<\/li>\n\n\n\n<li><strong>Mosaicos encantadores:<\/strong>&nbsp;Os pisos ainda vis\u00edveis narram cenas mitol\u00f3gicas e detalhes da fauna local com arte intemporal. \ud83d\udc06\u2728<\/li>\n\n\n\n<li><strong>Ambiente \u00fanico:<\/strong>&nbsp;A combina\u00e7\u00e3o de vest\u00edgios arqueol\u00f3gicos e o cen\u00e1rio natural das montanhas fazem de Djemila um local obrigat\u00f3rio para quem procura as ra\u00edzes hist\u00f3ricas da Arg\u00e9lia.<\/li>\n<\/ul>\n\n\n<div class=\"wp-block-image\">\n<figure class=\"aligncenter size-large\"><img loading=\"lazy\" decoding=\"async\" width=\"1024\" height=\"677\" src=\"https:\/\/www.sealines.eu\/wp-content\/uploads\/2026\/03\/Rovine-berbero-romane-a-Djemila-in-Algeria-1024x677.jpg\" alt=\"\" class=\"wp-image-13343\" title=\"Rovine berbero-romane a Djemila in Algeria\" srcset=\"https:\/\/www.sealines.eu\/wp-content\/uploads\/2026\/03\/Rovine-berbero-romane-a-Djemila-in-Algeria-1024x677.jpg 1024w, https:\/\/www.sealines.eu\/wp-content\/uploads\/2026\/03\/Rovine-berbero-romane-a-Djemila-in-Algeria-300x198.jpg 300w, https:\/\/www.sealines.eu\/wp-content\/uploads\/2026\/03\/Rovine-berbero-romane-a-Djemila-in-Algeria-768x508.jpg 768w, https:\/\/www.sealines.eu\/wp-content\/uploads\/2026\/03\/Rovine-berbero-romane-a-Djemila-in-Algeria-1536x1016.jpg 1536w, https:\/\/www.sealines.eu\/wp-content\/uploads\/2026\/03\/Rovine-berbero-romane-a-Djemila-in-Algeria-18x12.jpg 18w\" sizes=\"auto, (max-width: 1024px) 100vw, 1024px\" data-no-auto-translation=\"\" \/><figcaption class=\"wp-element-caption\"><em>Ru\u00ednas berbere-romanas em Djemila, em <a href=\"https:\/\/www.sealines.eu\/pt\/destinos\/direto\/traghetti-algeria\/\" data-type=\"post\" data-id=\"11060\">Arg\u00e9lia<\/a><\/em><\/figcaption><\/figure><\/div>\n\n\n<h2 class=\"wp-block-heading has-text-color has-link-color has-medium-font-size wp-elements-ab002f6eb4cfbbda5c203112aaa7083e\" style=\"color:#074164\">\ud83c\udf35 Natureza espetacular: Do Saara ao Mediterr\u00e2neo<\/h2>\n\n\n\n<p class=\"has-text-color has-link-color wp-elements-2c43edf61c76ead435ded782503b6c9e\" style=\"color:#074164;font-size:15px\">A Arg\u00e9lia possui uma biodiversidade extraordin\u00e1ria, capaz de satisfazer tanto os amantes de aventuras radicais como os que procuram relaxar \u00e0 beira-mar. \ud83c\udf0d\ud83c\udf43<\/p>\n\n\n\n<h2 class=\"wp-block-heading has-text-color has-link-color has-medium-font-size wp-elements-ff34e94cc7d31886a06b155352fd725d\" style=\"color:#074164\">\ud83d\udd25 O Sara e Tassili n'Ajjer<\/h2>\n\n\n\n<p class=\"has-text-color has-link-color wp-elements-5ead22ac702477b4db23d517b597e3b6\" style=\"color:#074164;font-size:15px\">O deserto argelino \u00e9 um lugar m\u00edstico onde as dunas douradas se fundem com o c\u00e9u. A regi\u00e3o do&nbsp;<strong>Tassili n'Ajjer<\/strong>&nbsp;(UNESCO) \u00e9 famosa n\u00e3o s\u00f3 pelos seus picos rochosos, mas tamb\u00e9m pela&nbsp;<strong>pinturas rupestres<\/strong>&nbsp;que testemunham a vida pr\u00e9-hist\u00f3rica no cora\u00e7\u00e3o do deserto. \ud83d\udc2a\ud83c\udfa8<\/p>\n\n\n\n<h2 class=\"wp-block-heading has-text-color has-link-color has-medium-font-size wp-elements-d4b729b18f4a040d19602e06d9a6320d\" style=\"color:#074164\">Mais de 1.200 km de costa<\/h2>\n\n\n\n<p class=\"has-text-color has-link-color wp-elements-adf240e14ff8e15e234f1f205342fc97\" style=\"color:#074164;font-size:15px\">Se preferir o azul, as costas argelinas oferecem praias imaculadas e cidades animadas:<\/p>\n\n\n\n<ul style=\"color:#074164;font-size:15px\" class=\"wp-block-list has-text-color has-link-color wp-elements-a989ebe8189d212f864d3b2b044156a0\">\n<li><strong>Oran e Annaba:<\/strong>&nbsp;Locais perfeitos para mergulhar na cultura costeira e desfrutar de \u00e1guas cristalinas. \ud83c\udfd6\ufe0f\u2693<\/li>\n\n\n\n<li><strong>Parque Nacional El Kala:<\/strong>&nbsp;Um para\u00edso de biodiversidade com lagos salgados e esp\u00e9cies raras de flora e fauna, ideal para observa\u00e7\u00e3o de aves e excurs\u00f5es na natureza. \ud83e\udd86\ud83c\udf38<\/li>\n<\/ul>\n\n\n\n<h2 class=\"wp-block-heading has-text-color has-background has-link-color has-medium-font-size wp-elements-04160492cba569a6c5e51143c506ae07\" style=\"color:#ffc107;background-color:#074164\">\ud83d\udcb0 Ofertas e promo\u00e7\u00f5es imperd\u00edveis<\/h2>\n\n\n\n<p class=\"has-text-color has-link-color wp-elements-34d5fd0fca23ae985104ddb55df079da\" style=\"color:#074164;font-size:15px\">Viajar para a Arg\u00e9lia com a empresa <strong>Algerie Ferries <\/strong>pode ser muito barato! As empresas oferecem regularmente:<\/p>\n\n\n\n<ul style=\"color:#074164;font-size:15px\" class=\"wp-block-list has-text-color has-link-color wp-elements-8c59aeb7d567dae6500a08a238c9fd3a\">\n<li><strong>Descontos para fam\u00edlias e grupos:<\/strong>&nbsp;Tarifas reduzidas para quem viaja acompanhado. \ud83d\udc68\u200d\ud83d\udc69\u200d\ud83d\udc67\u200d\ud83d\udc66<\/li>\n\n\n\n<li><strong>Promo\u00e7\u00f5es sazonais:<\/strong>&nbsp;Pacotes com tudo inclu\u00eddo durante o ver\u00e3o e as f\u00e9rias. \ud83c\udf81<\/li>\n\n\n\n<li><strong>Descontos para estudantes:<\/strong>&nbsp;Instala\u00e7\u00f5es para jovens viajantes. \ud83c\udf93<\/li>\n<\/ul>\n\n\n\n<p class=\"has-text-color has-link-color wp-elements-0f23770af6efeb5cfaa824824b14c024\" style=\"color:#074164;font-size:15px\"><strong>O Conselho de Ouro:<\/strong>&nbsp;Subscreva a nossa newsletter e <a href=\"http:\/\/booking.sealines.eu\" data-type=\"link\" data-id=\"booking.sealines.eu\"><strong>reservar online<\/strong><\/a> antes de <strong><a href=\"https:\/\/www.sealines.eu\/pt\/\" data-type=\"link\" data-id=\"sealines.eu\">Portal Sealines Ferries<\/a><\/strong> para garantir o pre\u00e7o mais baixo! \ud83d\udce7\u2705<\/p>\n\n\n\n<h2 class=\"wp-block-heading has-text-color has-background has-link-color has-medium-font-size wp-elements-821481e8c90f5b7459482246fa0ba6e7\" style=\"color:#ffc107;background-color:#074164\">Como reservar o seu ferry &nbsp;<\/h2>\n\n\n\n<p class=\"has-text-color has-link-color wp-elements-d1590ce3486224ac77182cf473092f44\" style=\"color:#074164;font-size:15px\">A reserva \u00e9 r\u00e1pida e f\u00e1cil! Pode faz\u00ea-lo diretamente, contactando o nosso <strong><a href=\"https:\/\/www.sealines.eu\/pt\/contactos\/\" data-type=\"link\" data-id=\"sealines.eu\/contatti\">Escrit\u00f3rio de Ferry<\/a> <\/strong>ou atrav\u00e9s do nosso portal <strong><a href=\"https:\/\/www.sealines.eu\/pt\/\" data-type=\"link\" data-id=\"sealines.eu\">Ferries de Sealines<\/a><\/strong>, especializada na emiss\u00e3o de bilhetes de transporte mar\u00edtimo em linha. Poder\u00e1 consultar em tempo real<\/p>\n\n\n\n<ul style=\"color:#074164;font-size:15px\" class=\"wp-block-list has-text-color has-link-color wp-elements-06a380ea8901403e045f2702dde1a2f7\">\n<li>Horas de partida e de chegada \ud83d\udd52<\/li>\n\n\n\n<li>Cabanas e lugares de estacionamento dispon\u00edveis \ud83d\ude97<\/li>\n\n\n\n<li>Tarifas actualizadas \ud83c\udfab<\/li>\n<\/ul>\n\n\n\n<h2 class=\"wp-block-heading has-text-color has-link-color has-medium-font-size wp-elements-57ada900678236dddc31fe5bd4e1a0e5\" style=\"color:#074164\">\ud83d\udda5\ufe0f M\u00e9todos de reserva<\/h2>\n\n\n\n<p class=\"has-text-color has-link-color wp-elements-6ba358e0a6a2aa309400d7a89618bc67\" style=\"color:#074164;font-size:15px\">Existem v\u00e1rias formas de adquirir o seu bilhete:<\/p>\n\n\n\n<ul style=\"color:#074164;font-size:15px\" class=\"wp-block-list has-text-color has-link-color wp-elements-87330ad4dd5cca966b87ce011eecf201\">\n<li><strong>Reservas online:<\/strong>\u00a0A maioria dos viajantes no <em>Algerie Ferries<\/em>, reservar diretamente em linha no nosso s\u00edtio Web Sealines Ferries. \u00c9 a maneira mais r\u00e1pida e segura de comparar\u00a0<strong>hor\u00e1rios, tarifas e disponibilidade<\/strong>\u00a0em tempo real. \ud83d\udcbb\ud83d\udd52<\/li>\n\n\n\n<li><strong>Ag\u00eancia de viagens:<\/strong>\u00a0nas nossas instala\u00e7\u00f5es em <strong><a href=\"https:\/\/maps.app.goo.gl\/GX9nfs2kgSbYDU5Z7\" data-type=\"link\" data-id=\"https:\/\/maps.app.goo.gl\/GX9nfs2kgSbYDU5Z7\">Via Quintino Sella, 58 em Bari \ud83d\udccd<\/a><\/strong>. Esta solu\u00e7\u00e3o \u00e9 ideal para quem procura uma assist\u00eancia personalizada ou pacotes completos (ferry + hotel + excurs\u00e3o) organizados pelos nossos <strong>Operadores tur\u00edsticos<\/strong>. Um ponto de refer\u00eancia f\u00edsico pode ser muito \u00fatil na resolu\u00e7\u00e3o de d\u00favidas espec\u00edficas. \ud83c\udfe2\ud83e\udd1d<\/li>\n<\/ul>\n\n\n\n<h2 class=\"wp-block-heading has-text-color has-link-color has-medium-font-size wp-elements-05834f3f124d3684369098764d858877\" style=\"color:#074164\">\ud83d\udca1 Dicas de ouro para uma viagem perfeita<\/h2>\n\n\n\n<p class=\"has-text-color has-link-color wp-elements-21cff6ab6408a65df0c3d50f5d9b91e7\" style=\"color:#074164;font-size:15px\">Para viver uma travessia do Mediterr\u00e2neo em total descontra\u00e7\u00e3o, siga estes conselhos:<\/p>\n\n\n\n<ul style=\"color:#074164;font-size:15px\" class=\"wp-block-list has-text-color has-link-color wp-elements-c8ac93d7b4317017089deedbcfaebc8a\">\n<li><strong>Ele chega cedo:<\/strong>&nbsp;Chegue ao porto com bastante anteced\u00eancia para tratar das formalidades de embarque sem stress. \u23f3\u2705<\/li>\n\n\n\n<li><strong>Bagagem de m\u00e3o inteligente:<\/strong>&nbsp;Mantenha documentos, medicamentos, lanches e dispositivos electr\u00f3nicos consigo. \ud83c\udf92\ud83d\udcf1<\/li>\n\n\n\n<li><strong>Vestu\u00e1rio em camadas:<\/strong>&nbsp;A temperatura a bordo pode variar entre as zonas com ar condicionado e os conveses exteriores. Traga sempre um casaco leve! \ud83e\udde5\ud83c\udf2c\ufe0f<\/li>\n<\/ul>\n\n\n\n<h2 class=\"wp-block-heading has-text-color has-link-color has-medium-font-size wp-elements-5e7f61943597b582feccbb900feaab73\" style=\"color:#074164\">\ud83d\udec2 Documentos necess\u00e1rios para a Arg\u00e9lia<\/h2>\n\n\n\n<p class=\"has-text-color has-link-color wp-elements-8cdbf9f2533a6496dfc4831aaf89e04b\" style=\"color:#074164;font-size:15px\">N\u00e3o se deixe apanhar desprevenido! Para aterrar na Arg\u00e9lia, \u00e9 necess\u00e1rio:<\/p>\n\n\n\n<ul style=\"color:#074164;font-size:15px\" class=\"wp-block-list has-text-color has-link-color wp-elements-bbef82270325ee006d176f99bed71792\">\n<li><strong>Passaporte:<\/strong>&nbsp;Deve ter uma validade residual de, pelo menos&nbsp;<strong>6 meses<\/strong>. \ud83d\udec2<\/li>\n\n\n\n<li><strong>Visto de entrada:<\/strong>&nbsp;Obrigat\u00f3rio para muitos cidad\u00e3os. Deve ser solicitado atempadamente junto da Embaixada ou do Consulado da Arg\u00e9lia. \ud83d\udcd1\ud83d\udd8b\ufe0f<\/li>\n\n\n\n<li><strong>Documentos do ve\u00edculo:<\/strong>&nbsp;Se viajar no seu pr\u00f3prio carro, traga os documentos de registo e&nbsp;<strong>seguros internacionais<\/strong>. \ud83d\ude97\ud83d\udcb3<\/li>\n\n\n\n<li><strong>Bilhetes e reservas:<\/strong>&nbsp;Mantenha \u00e0 m\u00e3o os seus documentos de viagem e qualquer confirma\u00e7\u00e3o de hotel ou carta de convite. \ud83d\udcc4<\/li>\n<\/ul>\n\n\n\n<p class=\"has-text-color has-link-color wp-elements-b9e33eecacea972169db4f603819226a\" style=\"color:#074164;font-size:15px\"><strong>Pronto para zarpar?<\/strong>\u00a0N\u00e3o espere at\u00e9 ao \u00faltimo minuto, <strong><a href=\"http:\/\/booking.sealines.eu\" data-type=\"link\" data-id=\"booking.sealines.eu\">livro<\/a><\/strong> hoje o seu <strong><a href=\"https:\/\/www.sealines.eu\/pt\/destinos\/direto\/traghetti-algeria\/\" data-type=\"post\" data-id=\"11060\">ferry para a Arg\u00e9lia<\/a><\/strong> e preparem-se para uma aventura inesquec\u00edvel! \ud83d\udea2\u2728<\/p>\n\n\n\n<h2 class=\"wp-block-heading has-text-color has-background has-link-color has-medium-font-size wp-elements-c5346c9d12749cd320058129147e3482\" style=\"color:#ffc107;background-color:#074164\">\ud83c\udf0a A experi\u00eancia a bordo: o que \u00e9 que o espera?<\/h2>\n\n\n\n<p class=\"has-text-color has-link-color wp-elements-8ee93f953f079e7215f6d2eed1881342\" style=\"color:#074164;font-size:15px\">A viagem de ferry \u00e9 uma aventura que come\u00e7a antes do desembarque. Durante a viagem pode:<\/p>\n\n\n\n<ul style=\"color:#074164;font-size:15px\" class=\"wp-block-list has-text-color has-link-color wp-elements-a3e5beb63f8a1563e10b5001edfaf108\">\n<li>Desfrute de vistas espectaculares sobre o mar e, com um pouco de sorte, aviste o&nbsp;<strong>golfinhos<\/strong>. \ud83d\udc2c\ud83c\udf05<\/li>\n\n\n\n<li>Tirar partido de&nbsp;<strong>restaurantes, bares e \u00e1reas de relaxamento<\/strong>&nbsp;moderno. \ud83c\udf7d\ufe0f\u2615<\/li>\n\n\n\n<li>Socializar com outros viajantes e participar no entretenimento a bordo (filmes, m\u00fasica, jogos). \ud83c\udfb6\ud83c\udfac<\/li>\n<\/ul>\n\n\n\n<p class=\"has-text-color has-link-color wp-elements-38a39cc5af3265154751ad2257a54149\" style=\"color:#074164;font-size:15px\">Ao chegar, ser\u00e1 recebido pelo famoso&nbsp;<strong>A hospitalidade argelina<\/strong>, pronto para explorar cidades hist\u00f3ricas, mercados movimentados e as paisagens deslumbrantes do Saara. \ud83c\udfdc\ufe0f\ud83c\udfdb\ufe0f<\/p>\n\n\n\n<h2 class=\"wp-block-heading has-text-color has-background has-link-color has-medium-font-size wp-elements-27195dee7b639ac88201dfd6b1f9b860\" style=\"color:#ffc107;background-color:#074164\">\ud83c\udfc1 Conclus\u00e3o e recursos \u00fateis<\/h2>\n\n\n\n<p class=\"has-text-color has-link-color wp-elements-1f1eb28881e6793dc1479cefbcd66947\" style=\"color:#074164;font-size:15px\">Em resumo, o ferry \u00e9 o meio mais fascinante e flex\u00edvel para descobrir a Arg\u00e9lia. Para um melhor planeamento, consulte o nosso motor de busca e encontre o\u2019<strong><a href=\"https:\/\/www.sealines.eu\/pt\/noticias-e-promocoes\/\" data-type=\"category\" data-id=\"5\">melhor oferta<\/a><\/strong> nos bilhetes para o <strong>Algerie Ferries<\/strong> para si e para a sua fam\u00edlia. \ud83d\udc68\u200d\ud83d\udc69\u200d\ud83d\udc67\u200d\ud83d\udc66 \ud83c\udf0d\ud83d\udcac<\/p>","protected":false},"excerpt":{"rendered":"<p>Esplora con noi i collegamenti marittimi della compagnia Algerie Ferries&nbsp;e scopri offerte imperdibili per destinazioni affascinanti. Che tu stia pianificando un ritorno a casa o un&#8217;avventura turistica, prenotare il tuo viaggio via mare \u00e8 il modo migliore per iniziare l&#8217;esperienza! \ud83c\udf0a\u2728 \ud83c\udf0d Introduzione ai Traghetti Algerie Ferries I traghetti da e per l&#8217;Algeria sono una [&hellip;]<\/p>\n","protected":false},"author":3,"featured_media":13169,"comment_status":"open","ping_status":"closed","sticky":false,"template":"","format":"standard","meta":{"_acf_changed":false,"wds_primary_category":4,"footnotes":""},"categories":[4],"tags":[],"class_list":["post-13164","post","type-post","status-publish","format-standard","has-post-thumbnail","hentry","category-compagnie"],"acf":[],"_links":{"self":[{"href":"https:\/\/www.sealines.eu\/pt\/wp-json\/wp\/v2\/posts\/13164","targetHints":{"allow":["GET"]}}],"collection":[{"href":"https:\/\/www.sealines.eu\/pt\/wp-json\/wp\/v2\/posts"}],"about":[{"href":"https:\/\/www.sealines.eu\/pt\/wp-json\/wp\/v2\/types\/post"}],"author":[{"embeddable":true,"href":"https:\/\/www.sealines.eu\/pt\/wp-json\/wp\/v2\/users\/3"}],"replies":[{"embeddable":true,"href":"https:\/\/www.sealines.eu\/pt\/wp-json\/wp\/v2\/comments?post=13164"}],"version-history":[{"count":15,"href":"https:\/\/www.sealines.eu\/pt\/wp-json\/wp\/v2\/posts\/13164\/revisions"}],"predecessor-version":[{"id":13434,"href":"https:\/\/www.sealines.eu\/pt\/wp-json\/wp\/v2\/posts\/13164\/revisions\/13434"}],"wp:featuredmedia":[{"embeddable":true,"href":"https:\/\/www.sealines.eu\/pt\/wp-json\/wp\/v2\/media\/13169"}],"wp:attachment":[{"href":"https:\/\/www.sealines.eu\/pt\/wp-json\/wp\/v2\/media?parent=13164"}],"wp:term":[{"taxonomy":"category","embeddable":true,"href":"https:\/\/www.sealines.eu\/pt\/wp-json\/wp\/v2\/categories?post=13164"},{"taxonomy":"post_tag","embeddable":true,"href":"https:\/\/www.sealines.eu\/pt\/wp-json\/wp\/v2\/tags?post=13164"}],"curies":[{"name":"wp","href":"https:\/\/api.w.org\/{rel}","templated":true}]}}