{"id":285,"date":"2022-03-01T12:59:23","date_gmt":"2022-03-01T11:59:23","guid":{"rendered":"https:\/\/sealines-wp.arkimedeacademy.it\/?p=285"},"modified":"2024-09-12T10:54:06","modified_gmt":"2024-09-12T08:54:06","slug":"promocioni-i-grimaldi-lines-per-makina-dhe-motocikleta","status":"publish","type":"post","link":"https:\/\/www.sealines.eu\/sq\/grimaldi-lines-promo-auto-e-moto\/","title":{"rendered":"GRIMALDI LINES \u2013 Oferta p\u00ebr makina dhe moto\u00e7ikleta"},"content":{"rendered":"<p><a href=\"https:\/\/www.sealines.eu\/sq\/grimaldi-nuova-offerta-promo-auto\/\"><img loading=\"lazy\" decoding=\"async\" class=\"size-full wp-image-284\" src=\"https:\/\/www.sealines.eu\/wp-content\/uploads\/2022\/01\/grimaldi-promo-auto-e-moto-scaled.jpeg\" alt=\"grimaldi promo auto e moto\" width=\"506\" height=\"287\" srcset=\"https:\/\/www.sealines.eu\/wp-content\/uploads\/2022\/01\/grimaldi-promo-auto-e-moto-scaled.jpeg 2560w, https:\/\/www.sealines.eu\/wp-content\/uploads\/2022\/01\/grimaldi-promo-auto-e-moto-300x170.jpeg 300w, https:\/\/www.sealines.eu\/wp-content\/uploads\/2022\/01\/grimaldi-promo-auto-e-moto-1024x581.jpeg 1024w, https:\/\/www.sealines.eu\/wp-content\/uploads\/2022\/01\/grimaldi-promo-auto-e-moto-768x436.jpeg 768w, https:\/\/www.sealines.eu\/wp-content\/uploads\/2022\/01\/grimaldi-promo-auto-e-moto-1536x872.jpeg 1536w, https:\/\/www.sealines.eu\/wp-content\/uploads\/2022\/01\/grimaldi-promo-auto-e-moto-2048x1162.jpeg 2048w\" sizes=\"auto, (max-width: 506px) 100vw, 506px\" data-no-auto-translation=\"\" \/><\/a><\/p>\n<p style=\"color: #ffffff; font-family: Montserrat, Arial, Helvetica, sans-serif; font-size: 13px; font-style: normal; font-weight: 500; letter-spacing: normal; orphans: 2; text-indent: 0px; text-transform: none; white-space: normal; widows: 2; word-spacing: 0px; background-color: #ffffff; text-align: justify;\"><span style=\"font-size: 15px; color: #0d3768;\"><span style=\"font-size: 16px; line-height: 20px;\"><span style=\"color: #003366; font-size: 18pt;\"><strong>\u00a0\u2014\u2014\u2013 Zbritje 25% n\u00eb linja \u2014\u2014\u2013<\/strong><\/span><br \/>\n<\/span><\/span><\/p>\n<p style=\"color: #ffffff; font-family: Montserrat, Arial, Helvetica, sans-serif; font-size: 13px; font-style: normal; letter-spacing: normal; orphans: 2; text-indent: 0px; text-transform: none; white-space: normal; widows: 2; word-spacing: 0px; background-color: #ffffff; text-align: justify;\"><strong><span style=\"font-size: 14pt; color: #ff6600;\"><span style=\"line-height: 20px;\">\u2013 Tragete midis Civitavecchia dhe Porto Torres (dhe anasjelltas)<\/span><\/span><\/strong><\/p>\n<p style=\"color: #ffffff; font-family: Montserrat, Arial, Helvetica, sans-serif; font-size: 13px; font-style: normal; letter-spacing: normal; orphans: 2; text-indent: 0px; text-transform: none; white-space: normal; widows: 2; word-spacing: 0px; background-color: #ffffff; text-align: justify;\"><strong><span style=\"font-size: 14pt; color: #ff6600;\"><span style=\"line-height: 20px;\">\u2013 Tragete midis Livornos dhe Olbias (dhe anasjelltas)<br \/>\n<\/span><\/span><\/strong><\/p>\n<p style=\"color: #ffffff; font-family: Montserrat, Arial, Helvetica, sans-serif; font-size: 13px; font-style: normal; font-weight: 500; letter-spacing: normal; orphans: 2; text-indent: 0px; text-transform: none; white-space: normal; widows: 2; word-spacing: 0px; background-color: #ffffff; text-align: justify;\"><strong><span style=\"font-size: 14pt; color: #ff6600;\"><span style=\"line-height: 20px;\">\u2013 Anijet e tragetit midis Livornos dhe Palermos (dhe anasjelltas)<\/span><\/span><\/strong><\/p>\n<p style=\"color: #ffffff; font-family: Montserrat, Arial, Helvetica, sans-serif; font-size: 13px; font-style: normal; font-weight: 500; letter-spacing: normal; orphans: 2; text-indent: 0px; text-transform: none; white-space: normal; widows: 2; word-spacing: 0px; background-color: #ffffff; text-align: justify;\"><strong><span style=\"font-size: 14pt; color: #ff6600;\"><span style=\"line-height: 20px;\">\u2013 Tragete midis Salernos dhe Palermos (dhe anasjelltas)<\/span><\/span><\/strong><\/p>\n<p style=\"color: #ffffff; font-family: Montserrat, Arial, Helvetica, sans-serif; font-size: 13px; font-style: normal; font-weight: 500; letter-spacing: normal; orphans: 2; text-indent: 0px; text-transform: none; white-space: normal; widows: 2; word-spacing: 0px; background-color: #ffffff; text-align: justify;\"><span style=\"color: #0d3768; font-family: Montserrat, Arial, Helvetica, sans-serif; font-size: 16px; font-style: normal; font-weight: 500; letter-spacing: normal; orphans: 2; text-align: center; text-indent: 0px; text-transform: none; white-space: normal; widows: 2; word-spacing: 0px; background-color: #ffffff; float: none;\">Zbritja \u00ebsht\u00eb e vlefshme deri m\u00eb 31 mars 2022.<\/span><span style=\"color: #0d3768; font-family: Montserrat, Arial, Helvetica, sans-serif; font-size: 16px; font-style: normal; font-weight: 500; letter-spacing: normal; orphans: 2; text-align: center; text-indent: 0px; text-transform: none; white-space: normal; widows: 2; word-spacing: 0px; background-color: #ffffff; float: none;\"><br \/>\n<\/span><\/p>\n<h4 style=\"text-align: justify;\"><span style=\"color: #ffffff; background-color: #31708f;\"><strong><span style=\"font-size: 14pt;\">Rezervoni udh\u00ebtimin tuaj me traget me ne.<\/span><\/strong><\/span><\/h4>\n<p><span style=\"color: #003366; font-size: 14pt;\"><strong>Ju lutemi telefononi Qendr\u00ebn ton\u00eb t\u00eb Rezervimeve p\u00ebr Tragete n\u00eb 080 926 00 42\u00a0<\/strong><\/span><\/p>\n<p style=\"text-align: center;\">\u00a0 \u00a0 \u00a0 \u00a0 <span style=\"color: #ffffff;\">\u00a0<span style=\"background-color: #31708f;\"><a style=\"background-color: #31708f; color: #ffffff;\" href=\"http:\/\/booking.sealines.eu\">Lexo m\u00eb shum\u00eb \u2192<\/a><\/span><\/span><\/p>","protected":false},"excerpt":{"rendered":"<p>\u00a0&#8212;&#8212;&#8211; 25% di sconto sulle tratte&#8212;&#8212;&#8211; &#8211;\u00a0Traghetti Civitavecchia &#8211; Porto Torres e vv &#8211; Traghetti Livorno &#8211; Olbia e vv &#8211;\u00a0Traghetti Livorno &#8211; Palermo e vv &#8211; Traghetti Salerno &#8211; Palermo e vv Lo sconto \u00e8 valido fino al 31\/03\/2022 Prenota il tuo viaggio in traghetto con noi. Chiama il nostro Centro Prenotazioni Traghetti al [&hellip;]<\/p>\n","protected":false},"author":1,"featured_media":284,"comment_status":"open","ping_status":"closed","sticky":false,"template":"","format":"standard","meta":{"_acf_changed":false,"wds_primary_category":0,"footnotes":""},"categories":[5],"tags":[],"class_list":["post-285","post","type-post","status-publish","format-standard","has-post-thumbnail","hentry","category-novita-e-promozioni"],"acf":[],"_links":{"self":[{"href":"https:\/\/www.sealines.eu\/sq\/wp-json\/wp\/v2\/posts\/285","targetHints":{"allow":["GET"]}}],"collection":[{"href":"https:\/\/www.sealines.eu\/sq\/wp-json\/wp\/v2\/posts"}],"about":[{"href":"https:\/\/www.sealines.eu\/sq\/wp-json\/wp\/v2\/types\/post"}],"author":[{"embeddable":true,"href":"https:\/\/www.sealines.eu\/sq\/wp-json\/wp\/v2\/users\/1"}],"replies":[{"embeddable":true,"href":"https:\/\/www.sealines.eu\/sq\/wp-json\/wp\/v2\/comments?post=285"}],"version-history":[{"count":4,"href":"https:\/\/www.sealines.eu\/sq\/wp-json\/wp\/v2\/posts\/285\/revisions"}],"predecessor-version":[{"id":4526,"href":"https:\/\/www.sealines.eu\/sq\/wp-json\/wp\/v2\/posts\/285\/revisions\/4526"}],"wp:featuredmedia":[{"embeddable":true,"href":"https:\/\/www.sealines.eu\/sq\/wp-json\/wp\/v2\/media\/284"}],"wp:attachment":[{"href":"https:\/\/www.sealines.eu\/sq\/wp-json\/wp\/v2\/media?parent=285"}],"wp:term":[{"taxonomy":"category","embeddable":true,"href":"https:\/\/www.sealines.eu\/sq\/wp-json\/wp\/v2\/categories?post=285"},{"taxonomy":"post_tag","embeddable":true,"href":"https:\/\/www.sealines.eu\/sq\/wp-json\/wp\/v2\/tags?post=285"}],"curies":[{"name":"wp","href":"https:\/\/api.w.org\/{rel}","templated":true}]}}